{"id":2018,"date":"2026-01-05T08:03:11","date_gmt":"2026-01-05T08:03:11","guid":{"rendered":"https:\/\/www.sakaryakuzeybilisim.com\/?p=2018"},"modified":"2026-01-05T08:03:11","modified_gmt":"2026-01-05T08:03:11","slug":"sakarya-ve-ferizlide-profesyonel-yazici-bakim-ve-kurulum-destegi","status":"publish","type":"post","link":"https:\/\/www.sakaryakuzeybilisim.com\/?p=2018","title":{"rendered":"Sakarya ve Ferizli\u2019de Profesyonel Yaz\u0131c\u0131 Bak\u0131m ve Kurulum Deste\u011fi"},"content":{"rendered":"<p data-start=\"326\" data-end=\"711\">\u0130\u015fletmelerde ve bireysel kullan\u0131mlarda yaz\u0131c\u0131lar, g\u00fcnl\u00fck i\u015f ak\u0131\u015f\u0131n\u0131n en \u00f6nemli par\u00e7alar\u0131ndan biridir. Ancak d\u00fczenli bak\u0131m yap\u0131lmayan veya yanl\u0131\u015f kurulan yaz\u0131c\u0131lar; bask\u0131 hatalar\u0131, ba\u011flant\u0131 sorunlar\u0131 ve ciddi zaman kay\u0131plar\u0131na neden olabilir.<br data-start=\"567\" data-end=\"570\" \/><strong data-start=\"570\" data-end=\"624\">Sakarya ve Ferizli yaz\u0131c\u0131 bak\u0131m ve kurulum deste\u011fi<\/strong> hizmetimiz ile t\u00fcm yaz\u0131c\u0131 sorunlar\u0131n\u0131za h\u0131zl\u0131, g\u00fcvenilir ve kal\u0131c\u0131 \u00e7\u00f6z\u00fcmler sunuyoruz.<\/p>\n<p data-start=\"713\" data-end=\"844\">Sakarya Kuzey Bili\u015fim olarak; lazer, m\u00fcrekkep p\u00fcsk\u00fcrtmeli ve \u00e7ok fonksiyonlu yaz\u0131c\u0131lar i\u00e7in <strong data-start=\"805\" data-end=\"832\">u\u00e7tan uca teknik destek<\/strong> sa\u011fl\u0131yoruz.<\/p>\n<hr data-start=\"846\" data-end=\"849\" \/>\n<h2 data-start=\"851\" data-end=\"892\">Yaz\u0131c\u0131 Bak\u0131m ve Kurulum Deste\u011fi Nedir?<\/h2>\n<p data-start=\"894\" data-end=\"1209\">Yaz\u0131c\u0131 bak\u0131m ve kurulum deste\u011fi; yaz\u0131c\u0131 cihazlar\u0131n\u0131n do\u011fru \u015fekilde kurulmas\u0131, a\u011f ve bilgisayar ba\u011flant\u0131lar\u0131n\u0131n yap\u0131lmas\u0131, s\u00fcr\u00fcc\u00fc ayarlar\u0131n\u0131n optimize edilmesi ve d\u00fczenli bak\u0131m i\u015flemlerinin ger\u00e7ekle\u015ftirilmesini kapsar.<br data-start=\"1111\" data-end=\"1114\" \/><strong data-start=\"1114\" data-end=\"1165\">Sakarya Ferizli yaz\u0131c\u0131 teknik servis hizmetleri<\/strong> ile yaz\u0131c\u0131lar\u0131n\u0131z maksimum verimle \u00e7al\u0131\u015f\u0131r.<\/p>\n<hr data-start=\"1211\" data-end=\"1214\" \/>\n<h2 data-start=\"1216\" data-end=\"1264\">Sakarya &amp; Ferizli Yaz\u0131c\u0131 Destek Hizmetlerimiz<\/h2>\n<h3 data-start=\"1266\" data-end=\"1306\">\ud83d\udd39 Yaz\u0131c\u0131 Kurulum ve Ayar Hizmetleri<\/h3>\n<ul data-start=\"1307\" data-end=\"1469\">\n<li data-start=\"1307\" data-end=\"1346\">\n<p data-start=\"1309\" data-end=\"1346\">USB ve a\u011f (network) yaz\u0131c\u0131 kurulumu<\/p>\n<\/li>\n<li data-start=\"1347\" data-end=\"1383\">\n<p data-start=\"1349\" data-end=\"1383\">Kablosuz (Wi-Fi) yaz\u0131c\u0131 ayarlar\u0131<\/p>\n<\/li>\n<li data-start=\"1384\" data-end=\"1430\">\n<p data-start=\"1386\" data-end=\"1430\">S\u00fcr\u00fcc\u00fc (driver) kurulumu ve g\u00fcncellemeleri<\/p>\n<\/li>\n<li data-start=\"1431\" data-end=\"1469\">\n<p data-start=\"1433\" data-end=\"1469\">\u00c7oklu bilgisayara yaz\u0131c\u0131 tan\u0131mlama<\/p>\n<\/li>\n<\/ul>\n<h3 data-start=\"1471\" data-end=\"1502\">\ud83d\udd39 Yaz\u0131c\u0131 Bak\u0131m ve Temizlik<\/h3>\n<ul data-start=\"1503\" data-end=\"1650\">\n<li data-start=\"1503\" data-end=\"1526\">\n<p data-start=\"1505\" data-end=\"1526\">\u0130\u00e7 mekanik temizlik<\/p>\n<\/li>\n<li data-start=\"1527\" data-end=\"1555\">\n<p data-start=\"1529\" data-end=\"1555\">Kartu\u015f ve toner kontrol\u00fc<\/p>\n<\/li>\n<li data-start=\"1556\" data-end=\"1609\">\n<p data-start=\"1558\" data-end=\"1609\">Ka\u011f\u0131t besleme ve s\u0131k\u0131\u015fma sorunlar\u0131n\u0131n giderilmesi<\/p>\n<\/li>\n<li data-start=\"1610\" data-end=\"1650\">\n<p data-start=\"1612\" data-end=\"1650\">Bask\u0131 kalitesi iyile\u015ftirme i\u015flemleri<\/p>\n<\/li>\n<\/ul>\n<h3 data-start=\"1652\" data-end=\"1690\">\ud83d\udd39 Yaz\u0131c\u0131 Ar\u0131za Tespiti ve Onar\u0131m\u0131<\/h3>\n<ul data-start=\"1691\" data-end=\"1819\">\n<li data-start=\"1691\" data-end=\"1717\">\n<p data-start=\"1693\" data-end=\"1717\">Bask\u0131 almama sorunlar\u0131<\/p>\n<\/li>\n<li data-start=\"1718\" data-end=\"1742\">\n<p data-start=\"1720\" data-end=\"1742\">A\u011f ba\u011flant\u0131 hatalar\u0131<\/p>\n<\/li>\n<li data-start=\"1743\" data-end=\"1789\">\n<p data-start=\"1745\" data-end=\"1789\">Yaz\u0131c\u0131 hata kodlar\u0131 ve yaz\u0131l\u0131m problemleri<\/p>\n<\/li>\n<li data-start=\"1790\" data-end=\"1819\">\n<p data-start=\"1792\" data-end=\"1819\">Donan\u0131msal par\u00e7a kontrol\u00fc<\/p>\n<\/li>\n<\/ul>\n<h3 data-start=\"1821\" data-end=\"1861\">\ud83d\udd39 Kurumsal Yaz\u0131c\u0131 Destek Hizmetleri<\/h3>\n<ul data-start=\"1862\" data-end=\"2023\">\n<li data-start=\"1862\" data-end=\"1901\">\n<p data-start=\"1864\" data-end=\"1901\">Ofis yaz\u0131c\u0131lar\u0131n\u0131n periyodik bak\u0131m\u0131<\/p>\n<\/li>\n<li data-start=\"1902\" data-end=\"1939\">\n<p data-start=\"1904\" data-end=\"1939\">\u00c7ok kullan\u0131c\u0131l\u0131 yaz\u0131c\u0131 sistemleri<\/p>\n<\/li>\n<li data-start=\"1940\" data-end=\"1985\">\n<p data-start=\"1942\" data-end=\"1985\">Yaz\u0131c\u0131 envanteri ve maliyet optimizasyonu<\/p>\n<\/li>\n<li data-start=\"1986\" data-end=\"2023\">\n<p data-start=\"1988\" data-end=\"2023\">S\u00fcrekli teknik destek anla\u015fmalar\u0131<\/p>\n<\/li>\n<\/ul>\n<hr data-start=\"2025\" data-end=\"2028\" \/>\n<h2 data-start=\"2030\" data-end=\"2087\">Kurumsal Firmalar \u0130\u00e7in Yaz\u0131c\u0131 Bak\u0131m ve Kurulum Deste\u011fi<\/h2>\n<p data-start=\"2089\" data-end=\"2286\">Ofis ortamlar\u0131nda ya\u015fanan yaz\u0131c\u0131 ar\u0131zalar\u0131, i\u015f s\u00fcre\u00e7lerini do\u011frudan aksat\u0131r. <strong data-start=\"2166\" data-end=\"2219\">Sakarya ve Ferizli kurumsal yaz\u0131c\u0131 destek hizmeti<\/strong> ile i\u015fletmelerin yazd\u0131rma altyap\u0131lar\u0131n\u0131 sorunsuz hale getiriyoruz.<\/p>\n<p data-start=\"2288\" data-end=\"2320\">Kurumsal \u00e7\u00f6z\u00fcmlerimiz sayesinde:<\/p>\n<ul data-start=\"2321\" data-end=\"2468\">\n<li data-start=\"2321\" data-end=\"2358\">\n<p data-start=\"2323\" data-end=\"2358\">Bask\u0131 kesintileri minimize edilir<\/p>\n<\/li>\n<li data-start=\"2359\" data-end=\"2383\">\n<p data-start=\"2361\" data-end=\"2383\">Yaz\u0131c\u0131 \u00f6mr\u00fc uzat\u0131l\u0131r<\/p>\n<\/li>\n<li data-start=\"2384\" data-end=\"2425\">\n<p data-start=\"2386\" data-end=\"2425\">Toner ve kartu\u015f maliyetleri d\u00fc\u015f\u00fcr\u00fcl\u00fcr<\/p>\n<\/li>\n<li data-start=\"2426\" data-end=\"2468\">\n<p data-start=\"2428\" data-end=\"2468\">Teknik sorunlara h\u0131zl\u0131 m\u00fcdahale edilir<\/p>\n<\/li>\n<\/ul>\n<hr data-start=\"2470\" data-end=\"2473\" \/>\n<h2 data-start=\"2475\" data-end=\"2506\">Neden Sakarya Kuzey Bili\u015fim?<\/h2>\n<ul data-start=\"2508\" data-end=\"2719\">\n<li data-start=\"2508\" data-end=\"2556\">\n<p data-start=\"2510\" data-end=\"2556\">\u2714 Sakarya ve Ferizli\u2019de h\u0131zl\u0131 yerinde servis<\/p>\n<\/li>\n<li data-start=\"2557\" data-end=\"2599\">\n<p data-start=\"2559\" data-end=\"2599\">\u2714 T\u00fcm marka ve model yaz\u0131c\u0131lara destek<\/p>\n<\/li>\n<li data-start=\"2600\" data-end=\"2641\">\n<p data-start=\"2602\" data-end=\"2641\">\u2714 Deneyimli BT ve teknik servis ekibi<\/p>\n<\/li>\n<li data-start=\"2642\" data-end=\"2677\">\n<p data-start=\"2644\" data-end=\"2677\">\u2714 Kurumsal ve bireysel \u00e7\u00f6z\u00fcmler<\/p>\n<\/li>\n<li data-start=\"2678\" data-end=\"2719\">\n<p data-start=\"2680\" data-end=\"2719\">\u2714 \u015eeffaf ve g\u00fcvenilir hizmet anlay\u0131\u015f\u0131<\/p>\n<\/li>\n<\/ul>\n<p data-start=\"2721\" data-end=\"2815\">Sakarya Kuzey Bili\u015fim, yaz\u0131c\u0131 sorunlar\u0131n\u0131 <strong data-start=\"2763\" data-end=\"2797\">ge\u00e7ici de\u011fil kal\u0131c\u0131 \u00e7\u00f6z\u00fcmlerle<\/strong> ortadan kald\u0131r\u0131r.<\/p>\n<hr data-start=\"2817\" data-end=\"2820\" \/>\n<h2 data-start=\"2822\" data-end=\"2891\">Sakarya Ferizli Yaz\u0131c\u0131 Bak\u0131m ve Kurulum Deste\u011fi ile Sorunsuz Bask\u0131<\/h2>\n<p data-start=\"2893\" data-end=\"3147\">Yaz\u0131c\u0131n\u0131z bask\u0131 alm\u0131yor, a\u011fda g\u00f6r\u00fcnm\u00fcyor veya s\u0131k s\u0131k ar\u0131za veriyorsa, <strong data-start=\"2964\" data-end=\"3018\">Sakarya ve Ferizli yaz\u0131c\u0131 bak\u0131m ve kurulum deste\u011fi<\/strong> hizmetimiz ile yan\u0131n\u0131zday\u0131z.<br data-start=\"3047\" data-end=\"3050\" \/>Profesyonel ekibimiz, yaz\u0131c\u0131lar\u0131n\u0131z\u0131 h\u0131zl\u0131ca devreye alarak i\u015f ak\u0131\u015f\u0131n\u0131z\u0131 kesintisiz hale getirir.<\/p>\n<p data-start=\"3149\" data-end=\"3244\">\ud83d\udcde Bizimle ileti\u015fime ge\u00e7erek Sakarya ve Ferizli\u2019de g\u00fcvenilir yaz\u0131c\u0131 teknik destek hizmeti al\u0131n<\/p>\n","protected":false},"excerpt":{"rendered":"<p>\u0130\u015fletmelerde ve bireysel kullan\u0131mlarda yaz\u0131c\u0131lar, g\u00fcnl\u00fck i\u015f ak\u0131\u015f\u0131n\u0131n en \u00f6nemli par\u00e7alar\u0131ndan biridir. Ancak d\u00fczenli bak\u0131m yap\u0131lmayan veya yanl\u0131\u015f kurulan yaz\u0131c\u0131lar; bask\u0131 hatalar\u0131, ba\u011flant\u0131 sorunlar\u0131 ve ciddi zaman kay\u0131plar\u0131na neden olabilir.Sakarya ve Ferizli yaz\u0131c\u0131 bak\u0131m ve kurulum deste\u011fi hizmetimiz ile t\u00fcm yaz\u0131c\u0131 sorunlar\u0131n\u0131za h\u0131zl\u0131, g\u00fcvenilir ve kal\u0131c\u0131 \u00e7\u00f6z\u00fcmler sunuyoruz. Sakarya Kuzey Bili\u015fim olarak; lazer, m\u00fcrekkep p\u00fcsk\u00fcrtmeli<\/p>\n","protected":false},"author":1,"featured_media":2019,"comment_status":"closed","ping_status":"open","sticky":false,"template":"","format":"standard","meta":{"_monsterinsights_skip_tracking":false,"footnotes":""},"categories":[1],"tags":[8,36,41,40,42,38],"class_list":["post-2018","post","type-post","status-publish","format-standard","has-post-thumbnail","hentry","category-sakaryakuzeybilisim","tag-isletme","tag-sakarya-kuzey-bilisim","tag-server-bakim-yonetim-destegi","tag-switch-kurulumu-ve-bakim-destegi","tag-vceri-kurtarma-destegi","tag-yazici-bakim-onarim"],"_links":{"self":[{"href":"https:\/\/www.sakaryakuzeybilisim.com\/index.php?rest_route=\/wp\/v2\/posts\/2018","targetHints":{"allow":["GET"]}}],"collection":[{"href":"https:\/\/www.sakaryakuzeybilisim.com\/index.php?rest_route=\/wp\/v2\/posts"}],"about":[{"href":"https:\/\/www.sakaryakuzeybilisim.com\/index.php?rest_route=\/wp\/v2\/types\/post"}],"author":[{"embeddable":true,"href":"https:\/\/www.sakaryakuzeybilisim.com\/index.php?rest_route=\/wp\/v2\/users\/1"}],"replies":[{"embeddable":true,"href":"https:\/\/www.sakaryakuzeybilisim.com\/index.php?rest_route=%2Fwp%2Fv2%2Fcomments&post=2018"}],"version-history":[{"count":1,"href":"https:\/\/www.sakaryakuzeybilisim.com\/index.php?rest_route=\/wp\/v2\/posts\/2018\/revisions"}],"predecessor-version":[{"id":2020,"href":"https:\/\/www.sakaryakuzeybilisim.com\/index.php?rest_route=\/wp\/v2\/posts\/2018\/revisions\/2020"}],"wp:featuredmedia":[{"embeddable":true,"href":"https:\/\/www.sakaryakuzeybilisim.com\/index.php?rest_route=\/wp\/v2\/media\/2019"}],"wp:attachment":[{"href":"https:\/\/www.sakaryakuzeybilisim.com\/index.php?rest_route=%2Fwp%2Fv2%2Fmedia&parent=2018"}],"wp:term":[{"taxonomy":"category","embeddable":true,"href":"https:\/\/www.sakaryakuzeybilisim.com\/index.php?rest_route=%2Fwp%2Fv2%2Fcategories&post=2018"},{"taxonomy":"post_tag","embeddable":true,"href":"https:\/\/www.sakaryakuzeybilisim.com\/index.php?rest_route=%2Fwp%2Fv2%2Ftags&post=2018"}],"curies":[{"name":"wp","href":"https:\/\/api.w.org\/{rel}","templated":true}]}}